{"id":49268,"date":"2021-05-29T15:41:58","date_gmt":"2021-05-29T13:41:58","guid":{"rendered":"https:\/\/www.ramog.de\/content\/?p=49268"},"modified":"2021-05-29T15:42:00","modified_gmt":"2021-05-29T13:42:00","slug":"pressemitteilung-zur-neuen-luftvo","status":"publish","type":"post","link":"https:\/\/www.ramog.de\/content\/2021\/05\/pressemitteilung-zur-neuen-luftvo\/","title":{"rendered":"Pressemitteilung zur neuen LuftVO"},"content":{"rendered":"<div class=\"entry\">\n\n\n<p><strong>Die Bundeskommission Modellflug des DAeC teilt mit:<\/strong><\/p>\n\n\n\n<h2 class=\"wp-block-heading\">\u201e<strong>EU-Anpassungen des Luftverkehrsgesetzes endlich geschafft \u2026<\/strong><\/h2>\n\n\n\n<p>Sie hat sich gelohnt, die viele Arbeit mit teilweise sehr kurzen Kommentierungsfristen zum urspr\u00fcnglichen Gesetzesentwurf am Jahresende. Und auch die Lobbyarbeit in der Folge bis Anfang Mai. Alle Beteiligten im DAeC sind sehr zufrieden. Eine sehr aufreibende und spannende Auseinandersetzung f\u00fcr vielen aufschlussreichen Schlaglichtern auf die Funktionsweise von Ministerien und Parlament hat ein gl\u00fcckliches Ende gefunden.<br><br>Nachdem am 06. Mai 2021 der Bundestag den inzwischen deutlich ver\u00e4nderten Gesetzesentwurf zur Anpassung des Luftverkehrsgesetzes und verschiedener Luftverkehrsverordnungen in Deutschland an die Europ\u00e4ische Durchf\u00fchrungsverordnung 2019\/947 (sog. &#8222;EU-Drohnenverordnung&#8220;) verabschiedet hatte, folgte gestern, am <strong>28. Mai 2021<\/strong>, auch die Zustimmung des Bundesrates.<\/p>\n\n\n\n<p>Das Gesetz bedarf jetzt lediglich noch der Unterzeichnung durch den Bundespr\u00e4sidenten und der Verk\u00fcndung im Bundesgesetzblatt. Dann ist es in Kraft.<br><br>Die neuen Regelungen entsprechen in sehr weiten Teilen den Anregungen und Vorschl\u00e4gen, die die Bundeskommission Modellflug des DAeC in das Gesetzgebungsverfahren einbringen durfte.<br><br>Der verbandsorganisierte Modellflug hat in Deutschland somit f\u00fcr die Zukunft eine sehr gut gesetzliche Plattform bekommen. F\u00fcr uns ist das ein Anlass zur Freude &#8211; haben doch sehr viele Vorschl\u00e4ge des DAeC den Weg in dieses Gesetz gefunden!<strong>\u201c<\/strong><\/p>\n\n\n\n<h2 class=\"wp-block-heading\"><strong>Was bedeutet das f\u00fcr uns Raketenmodellflieger ?<\/strong><\/h2>\n\n\n\n<p>Nachdem wir verbandsm\u00e4\u00dfig fliegen, <strong>\u00e4ndert sich f\u00fcr uns bis 31.12.2022 nichts<\/strong>. Bis dahin gelten f\u00fcr uns die bisherigen Regeln. Innerhalb dieser Frist muss nun der DAeC eine sog. Betriebserlaubnis nach Art. 16 der EU-Durchf\u00fchrungsverordnung 2019\/947 beantragen.<\/p>\n\n\n\n<p>In diesem Rahmen werden die &#8222;verbandsinternen Verfahren&#8220; f\u00fcr den Betrieb von Flugmodellen mit der Genehmigungsbeh\u00f6rde &#8222;verhandelt&#8220; werden. Die Bundeskommission Modellflug im DAeC hat einen Gro\u00dfteil der dazu erforderlichen Vorarbeiten bereits geleistet: Die Standardisierten Regeln f\u00fcr Flugmodelle (StRfF) beschreiben die sichere Durchf\u00fchrung des Modellflugs in all seinen Facetten, wie dies seit Jahrzehnten in Deutschland sowohl auf der gr\u00fcnen Wiese als auch auf Modellfluggel\u00e4nden der Fall ist. Gleichzeitig werden diese &#8222;verbandsinternen Verfahren&#8220; an den aktuellen technischen Stand angepasst und entsprechend der aktuellen &#8222;best practice&#8220; fortentwickelt.<\/p>\n\n\n\n<p>Bei der Entstehung der Standardisierten Regeln f\u00fcr Flugmodelle (StRfF) haben die Raketenmodellsportreferenten in Bund und L\u00e4ndern sowie die Vorst\u00e4nde von einzelnen Raketenmodellvereinen aktiv mitgewirkt und ihren Erfahrungsschatz eingebracht.<\/p>\n\n\n<\/div>","protected":false},"excerpt":{"rendered":"<p>Die Bundeskommission Modellflug des DAeC teilt mit: \u201eEU-Anpassungen des Luftverkehrsgesetzes endlich geschafft \u2026 Sie hat sich gelohnt, die viele Arbeit mit teilweise sehr kurzen Kommentierungsfristen zum urspr\u00fcnglichen Gesetzesentwurf am Jahresende. Und auch die Lobbyarbeit in der Folge bis Anfang Mai. Alle Beteiligten im DAeC sind sehr zufrieden. Eine sehr aufreibende und spannende Auseinandersetzung f\u00fcr vielen &#8230;<\/p>\n","protected":false},"author":5,"featured_media":0,"comment_status":"open","ping_status":"closed","sticky":false,"template":"","format":"standard","meta":{"footnotes":""},"categories":[1],"tags":[],"class_list":{"0":"post-49268","1":"post","2":"type-post","3":"status-publish","4":"format-standard","6":"category-allgemein","7":"anons"},"_links":{"self":[{"href":"https:\/\/www.ramog.de\/content\/wp-json\/wp\/v2\/posts\/49268","targetHints":{"allow":["GET"]}}],"collection":[{"href":"https:\/\/www.ramog.de\/content\/wp-json\/wp\/v2\/posts"}],"about":[{"href":"https:\/\/www.ramog.de\/content\/wp-json\/wp\/v2\/types\/post"}],"author":[{"embeddable":true,"href":"https:\/\/www.ramog.de\/content\/wp-json\/wp\/v2\/users\/5"}],"replies":[{"embeddable":true,"href":"https:\/\/www.ramog.de\/content\/wp-json\/wp\/v2\/comments?post=49268"}],"version-history":[{"count":1,"href":"https:\/\/www.ramog.de\/content\/wp-json\/wp\/v2\/posts\/49268\/revisions"}],"predecessor-version":[{"id":49269,"href":"https:\/\/www.ramog.de\/content\/wp-json\/wp\/v2\/posts\/49268\/revisions\/49269"}],"wp:attachment":[{"href":"https:\/\/www.ramog.de\/content\/wp-json\/wp\/v2\/media?parent=49268"}],"wp:term":[{"taxonomy":"category","embeddable":true,"href":"https:\/\/www.ramog.de\/content\/wp-json\/wp\/v2\/categories?post=49268"},{"taxonomy":"post_tag","embeddable":true,"href":"https:\/\/www.ramog.de\/content\/wp-json\/wp\/v2\/tags?post=49268"}],"curies":[{"name":"wp","href":"https:\/\/api.w.org\/{rel}","templated":true}]}}