{"id":192,"date":"2015-08-19T19:02:43","date_gmt":"2015-08-19T18:02:43","guid":{"rendered":"https:\/\/www.ramog.de\/content\/?p=192"},"modified":"2015-12-09T22:41:09","modified_gmt":"2015-12-09T21:41:09","slug":"jubilaeums-ramog-raketenmodellflugtag","status":"publish","type":"post","link":"https:\/\/www.ramog.de\/content\/2015\/08\/jubilaeums-ramog-raketenmodellflugtag\/","title":{"rendered":"Jubil\u00e4ums &#8211; RAMOG &#8211; Raketenmodellflugtag"},"content":{"rendered":"<div class=\"entry\">\n<p>Am 05. September 2015 findet auf dem Fluggel\u00e4nde der RAMOG in Unterth\u00fcrheim bei Wertingen der RAMOG Jubil\u00e4ums Raketenmodellflugtag statt.<\/p>\n<p>F\u00fcr viele ist es neu, aber wir nutzen das Startgel\u00e4nde schon sehr lange, d.h. gut 20 Jahre.<\/p>\n<p>In fr\u00fcheren Jahren haben wir es als Startplatz f\u00fcr S1F-H\u00f6henwettbewerbe genutzt, aber auch f\u00fcr die praktische Pr\u00fcfung bei P II \u2013 Pr\u00fcfungen. Gegen\u00fcber fr\u00fcheren Pl\u00e4tzen f\u00fcr Veranstaltungen hat das Gel\u00e4nde den Vorteil und gleichzeitig den Nachteil einer gro\u00dfen Entfernung zur n\u00e4chsten Ansiedlung.  Man braucht nicht bef\u00fcrchten, ein Modell aus dem n\u00e4chsten Vorgarten oder vom Hausdach holen zu m\u00fcssen. <\/p>\n<p>Weitere Details siehe <a href=\"\/content\/wp-content\/uploads\/2015\/08\/RAMOG-Raketenmodellflugtag_2015.pdf\">Einladung<\/a>.<br \/>\nF\u00fcr die Anfahrt siehe <a href=\"\/content\/wp-content\/uploads\/2015\/08\/Anfahrtskizze_Donau_Ried.pdf\">Anfahrtskizze<\/a>.<\/p>\n<p><strong>Update 03.09.2015:<\/strong> Nachdem zur Zeit eine Schlechtwetterfront in den s\u00fcdbayerischen Raum heranr\u00fcckt und sich die Wetterpropheten nicht einigen k\u00f6nnen, ob es am kommenden Samstag in Unterth\u00fcrheim regnet, m\u00f6chten wir vorsorglich darauf hinweisen, dass wir einen Ersatztermin eingeplant haben. <\/p>\n<p>Sollte es am kommenden Samstag, den 05.9. 2015 im Raum Wertingen Dauerregen haben, so haben wir den Samstag, den 12.09.2015, als Ersatztermin vorbereitet. <\/p>\n<p>Trotzdem hoffen wir, da\u00df die Optimisten mit der Vorhersage \u201eBew\u00f6lkt, aber trocken, vielleicht mit einzelnen Schauern\u201c, recht behalten.<\/p>\n<p>Bei Zweifeln \u00fcber die Wetterlage am Samstag kann beim RAMOG-Vorstand \u00fcber das \u00f6rtliche Wetter nachgefragt werden.<\/p>\n<\/div>\n","protected":false},"excerpt":{"rendered":"<p>Am 05. September 2015 findet auf dem Fluggel\u00e4nde der RAMOG in Unterth\u00fcrheim bei Wertingen der RAMOG Jubil\u00e4ums Raketenmodellflugtag statt. F\u00fcr viele ist es neu, aber wir nutzen das Startgel\u00e4nde schon sehr lange, d.h. gut 20 Jahre. In fr\u00fcheren Jahren haben wir es als Startplatz f\u00fcr S1F-H\u00f6henwettbewerbe genutzt, aber auch f\u00fcr die praktische Pr\u00fcfung bei P &#8230;<\/p>\n","protected":false},"author":5,"featured_media":0,"comment_status":"open","ping_status":"closed","sticky":false,"template":"","format":"standard","meta":{"footnotes":""},"categories":[3],"tags":[],"class_list":{"0":"post-192","1":"post","2":"type-post","3":"status-publish","4":"format-standard","6":"category-veranstaltungen","7":"anons"},"_links":{"self":[{"href":"https:\/\/www.ramog.de\/content\/wp-json\/wp\/v2\/posts\/192","targetHints":{"allow":["GET"]}}],"collection":[{"href":"https:\/\/www.ramog.de\/content\/wp-json\/wp\/v2\/posts"}],"about":[{"href":"https:\/\/www.ramog.de\/content\/wp-json\/wp\/v2\/types\/post"}],"author":[{"embeddable":true,"href":"https:\/\/www.ramog.de\/content\/wp-json\/wp\/v2\/users\/5"}],"replies":[{"embeddable":true,"href":"https:\/\/www.ramog.de\/content\/wp-json\/wp\/v2\/comments?post=192"}],"version-history":[{"count":4,"href":"https:\/\/www.ramog.de\/content\/wp-json\/wp\/v2\/posts\/192\/revisions"}],"predecessor-version":[{"id":206,"href":"https:\/\/www.ramog.de\/content\/wp-json\/wp\/v2\/posts\/192\/revisions\/206"}],"wp:attachment":[{"href":"https:\/\/www.ramog.de\/content\/wp-json\/wp\/v2\/media?parent=192"}],"wp:term":[{"taxonomy":"category","embeddable":true,"href":"https:\/\/www.ramog.de\/content\/wp-json\/wp\/v2\/categories?post=192"},{"taxonomy":"post_tag","embeddable":true,"href":"https:\/\/www.ramog.de\/content\/wp-json\/wp\/v2\/tags?post=192"}],"curies":[{"name":"wp","href":"https:\/\/api.w.org\/{rel}","templated":true}]}}